{"id":1347,"date":"2025-11-18T06:22:00","date_gmt":"2025-11-18T05:22:00","guid":{"rendered":"https:\/\/zuqhqpfdapzrpwq.lagencedefab.com\/Prepod\/?p=1347"},"modified":"2026-01-13T09:37:26","modified_gmt":"2026-01-13T08:37:26","slug":"5-tendances-plv-ecoresponsables-a-suivre-en-2026","status":"publish","type":"post","link":"https:\/\/zuqhqpfdapzrpwq.lagencedefab.com\/Prepod\/?p=1347","title":{"rendered":"5 tendances PLV \u00e9coresponsables \u00e0 suivre en 2026"},"content":{"rendered":"\n<p>La PLV (Publicit\u00e9 sur le Lieu de Vente) n\u2019\u00e9chappe pas \u00e0 la r\u00e9volution \u00e9cologique.<br>Face \u00e0 la mont\u00e9e des attentes RSE, les marques cherchent des solutions plus respectueuses de l\u2019environnement sans renoncer \u00e0 l\u2019efficacit\u00e9 visuelle.<\/p>\n\n\n\n<p>En 2025, l\u2019\u00e9coresponsabilit\u00e9 n\u2019est plus une option : c\u2019est une condition d\u2019image et de coh\u00e9rence.<br>Voici les 5 grandes tendances qui redessinent le paysage de la PLV durable.<\/p>\n\n\n\n<h2 class=\"wp-block-heading\"><strong>\ud83c\udf3f 1. Des mat\u00e9riaux plus verts et tra\u00e7ables<\/strong><\/h2>\n\n\n\n<p>Le carton recycl\u00e9, le papier certifi\u00e9 FSC ou PEFC, le PVC all\u00e9g\u00e9 ou les textiles recycl\u00e9s deviennent la norme.<br>Les imprimeurs investissent dans des <strong>mati\u00e8res premi\u00e8res tra\u00e7ables<\/strong>, parfois locales, pour r\u00e9duire le bilan carbone global.<\/p>\n\n\n\n<p><strong>Chez Leaderprint<\/strong>, cette \u00e9volution se traduit par un travail constant sur la s\u00e9lection de mat\u00e9riaux et la recherche de solutions certifi\u00e9es pour chaque projet.<\/p>\n\n\n\n<p>\ud83c\udfaf Enjeu 2025 : allier solidit\u00e9, esth\u00e9tisme et circularit\u00e9.<\/p>\n\n\n\n<h2 class=\"wp-block-heading\"><strong>\ud83d\udd01 2. La r\u00e9utilisation comme nouveau r\u00e9flexe<\/strong><\/h2>\n\n\n\n<p>La PLV jetable recule au profit de <strong>structures modulables, d\u00e9montables et r\u00e9utilisables<\/strong>.<br>Les stands, totems ou cadres textiles sont pens\u00e9s pour accueillir plusieurs visuels selon les saisons ou les campagnes.<\/p>\n\n\n\n<p>Certaines enseignes vont plus loin en mutualisant leurs \u00e9l\u00e9ments PLV entre points de vente.<\/p>\n\n\n\n<p>\ud83d\udca1 Moins de production = moins de d\u00e9chets, et un budget mieux utilis\u00e9.<\/p>\n\n\n\n<h2 class=\"wp-block-heading\"><strong>\u2699\ufe0f 3. L\u2019\u00e9co-conception d\u00e8s la phase design<\/strong><\/h2>\n\n\n\n<p>L\u2019impact environnemental se joue d\u00e8s la conception.<br>Les designers int\u00e8grent d\u00e9sormais la durabilit\u00e9 d\u00e8s le brief : format, mat\u00e9riaux, impression, transport et fin de vie sont pens\u00e9s ensemble.<\/p>\n\n\n\n<p>Une PLV bien con\u00e7ue est plus l\u00e9g\u00e8re, plus \u00e9conomique et plus facile \u00e0 recycler.<\/p>\n\n\n\n<p>\ud83e\udde0 En 2025, l\u2019\u00e9co-conception devient un crit\u00e8re standard de qualit\u00e9.<\/p>\n\n\n\n<h2 class=\"wp-block-heading\"><strong>\ud83d\udd0c 4. La digitalisation au service de la sobri\u00e9t\u00e9<\/strong><\/h2>\n\n\n\n<p>Loin d\u2019opposer le digital au durable, les marques utilisent d\u00e9sormais les technologies pour <strong>limiter les impressions superflues<\/strong> :<\/p>\n\n\n\n<ul class=\"wp-block-list\">\n<li>\u00e9crans basse consommation,<br><\/li>\n\n\n\n<li>QR codes pour renvoyer vers des contenus actualisables,<br><\/li>\n\n\n\n<li>gestion centralis\u00e9e des visuels pour \u00e9viter la surproduction.<br><\/li>\n<\/ul>\n\n\n\n<p>Le num\u00e9rique devient un outil de rationalisation, pas de remplacement.<\/p>\n\n\n\n<p>\ud83d\udcac Moins de papier, plus de pertinence : la PLV devient intelligente.<\/p>\n\n\n\n<h2 class=\"wp-block-heading\"><strong>\ud83e\udeb4 5. L\u2019\u00e9motion et la transparence comme leviers de marque<\/strong><\/h2>\n\n\n\n<p>Les consommateurs sont plus attentifs \u00e0 la sinc\u00e9rit\u00e9 des marques.<br>Les campagnes PLV valorisent d\u00e9sormais <strong>l\u2019origine des mat\u00e9riaux<\/strong>, <strong>les circuits courts<\/strong> ou <strong>le r\u00e9emploi<\/strong> dans leur message.<\/p>\n\n\n\n<p>La PLV devient un <strong>support de preuve<\/strong>, un moyen de rendre visible l\u2019engagement environnemental d\u2019une entreprise.<\/p>\n\n\n\n<p>\ud83d\udc9a En 2025, l\u2019\u00e9cologie n\u2019est plus une promesse : c\u2019est un \u00e9l\u00e9ment de storytelling.<\/p>\n\n\n\n<h2 class=\"wp-block-heading\"><strong>\ud83c\udf31 En r\u00e9sum\u00e9 : la PLV responsable, un nouvel \u00e9quilibre<\/strong><\/h2>\n\n\n\n<figure class=\"wp-block-table\"><table class=\"has-fixed-layout\"><tbody><tr><td><strong>Tendance<\/strong><\/td><td><strong>Impact principal<\/strong><\/td><\/tr><tr><td>Mat\u00e9riaux recycl\u00e9s<\/td><td>R\u00e9duction de l\u2019empreinte carbone<\/td><\/tr><tr><td>R\u00e9utilisation des supports<\/td><td>Moins de d\u00e9chets<\/td><\/tr><tr><td>\u00c9co-conception<\/td><td>Optimisation de la cha\u00eene de production<\/td><\/tr><tr><td>Digitalisation raisonn\u00e9e<\/td><td>Sobri\u00e9t\u00e9 et agilit\u00e9<\/td><\/tr><tr><td>Transparence et \u00e9motion<\/td><td>Confiance et image de marque<\/td><\/tr><\/tbody><\/table><\/figure>\n\n\n\n<h2 class=\"wp-block-heading\"><strong>\u2753 FAQ \u2013 PLV \u00e9coresponsable<\/strong><\/h2>\n\n\n\n<p><strong>Quels sont les mat\u00e9riaux les plus \u00e9cologiques pour la PLV ?<\/strong><strong><br><\/strong> Le carton recycl\u00e9, le papier certifi\u00e9 et le textile r\u00e9utilisable sont les plus durables.<\/p>\n\n\n\n<p><strong>La PLV \u00e9coresponsable co\u00fbte-t-elle plus cher ?<\/strong><strong><br><\/strong> Pas forc\u00e9ment : la r\u00e9utilisation et l\u2019\u00e9co-conception r\u00e9duisent les co\u00fbts sur le long terme.<\/p>\n\n\n\n<p><strong>Comment reconna\u00eetre une PLV vraiment durable ?<\/strong><strong><br><\/strong> Regardez la tra\u00e7abilit\u00e9 des mat\u00e9riaux, les labels FSC\/PEFC, et la possibilit\u00e9 de r\u00e9emploi.<\/p>\n\n\n\n<h3 class=\"wp-block-heading\"><strong>choisir un imprimeur engag\u00e9<\/strong><\/h3>\n\n\n\n<p>En 2025, de plus en plus d\u2019entreprises privil\u00e9gient les <strong>imprimeurs locaux<\/strong> certifi\u00e9s ISO 14001 ou Imprim\u2019Vert.<br>Ce choix r\u00e9duit les transports, facilite le suivi et renforce la cr\u00e9dibilit\u00e9 \u00e9cologique des campagnes.<\/p>\n\n\n\n<p><strong>Leaderprint<\/strong> accompagne ses clients dans cette d\u00e9marche : production locale, mat\u00e9riaux durables et logistique optimis\u00e9e pour chaque projet.<\/p>\n\n\n\n<h3 class=\"wp-block-heading\"><strong>Conclusion<\/strong><\/h3>\n\n\n\n<p>La PLV \u00e9coresponsable s\u2019impose d\u00e9sormais comme un <strong>standard de communication moderne<\/strong> :<br>cr\u00e9ative, coh\u00e9rente et align\u00e9e sur les valeurs des marques.<br>Les entreprises qui anticipent cette \u00e9volution gagnent en image, en efficacit\u00e9 et en fid\u00e9lit\u00e9 client.<\/p>\n\n\n\n<p>\ud83d\udc49 Vous souhaitez \u00e9valuer l\u2019impact environnemental de vos PLV actuelles ?<br>\ud83d\udce9 Contactez nos \u00e9quipes :<a href=\"https:\/\/zuqhqpfdapzrpwq.lagencedefab.com\/Prepod\/contact-demande-de-devis\/\"> https:\/\/zuqhqpfdapzrpwq.lagencedefab.com\/Prepod\/contact-demande-de-devis\/<\/a><\/p>\n\n\n\n<p><\/p>\n","protected":false},"excerpt":{"rendered":"<p>La PLV (Publicit\u00e9 sur le Lieu de Vente) n\u2019\u00e9chappe pas \u00e0 la r\u00e9volution \u00e9cologique.Face \u00e0 la mont\u00e9e des attentes RSE, les marques cherchent des solutions plus respectueuses de l\u2019environnement sans renoncer \u00e0 l\u2019efficacit\u00e9 visuelle. En 2025, l\u2019\u00e9coresponsabilit\u00e9 n\u2019est plus une option : c\u2019est une condition d\u2019image et de coh\u00e9rence.Voici les 5 grandes tendances qui redessinent [&hellip;]<\/p>\n","protected":false},"author":1,"featured_media":1256,"comment_status":"closed","ping_status":"closed","sticky":false,"template":"","format":"standard","meta":{"footnotes":""},"categories":[1],"tags":[],"post_folder":[],"class_list":["post-1347","post","type-post","status-publish","format-standard","has-post-thumbnail","hentry","category-non-classe"],"_links":{"self":[{"href":"https:\/\/zuqhqpfdapzrpwq.lagencedefab.com\/Prepod\/index.php?rest_route=\/wp\/v2\/posts\/1347","targetHints":{"allow":["GET"]}}],"collection":[{"href":"https:\/\/zuqhqpfdapzrpwq.lagencedefab.com\/Prepod\/index.php?rest_route=\/wp\/v2\/posts"}],"about":[{"href":"https:\/\/zuqhqpfdapzrpwq.lagencedefab.com\/Prepod\/index.php?rest_route=\/wp\/v2\/types\/post"}],"author":[{"embeddable":true,"href":"https:\/\/zuqhqpfdapzrpwq.lagencedefab.com\/Prepod\/index.php?rest_route=\/wp\/v2\/users\/1"}],"replies":[{"embeddable":true,"href":"https:\/\/zuqhqpfdapzrpwq.lagencedefab.com\/Prepod\/index.php?rest_route=%2Fwp%2Fv2%2Fcomments&post=1347"}],"version-history":[{"count":2,"href":"https:\/\/zuqhqpfdapzrpwq.lagencedefab.com\/Prepod\/index.php?rest_route=\/wp\/v2\/posts\/1347\/revisions"}],"predecessor-version":[{"id":1380,"href":"https:\/\/zuqhqpfdapzrpwq.lagencedefab.com\/Prepod\/index.php?rest_route=\/wp\/v2\/posts\/1347\/revisions\/1380"}],"wp:featuredmedia":[{"embeddable":true,"href":"https:\/\/zuqhqpfdapzrpwq.lagencedefab.com\/Prepod\/index.php?rest_route=\/wp\/v2\/media\/1256"}],"wp:attachment":[{"href":"https:\/\/zuqhqpfdapzrpwq.lagencedefab.com\/Prepod\/index.php?rest_route=%2Fwp%2Fv2%2Fmedia&parent=1347"}],"wp:term":[{"taxonomy":"category","embeddable":true,"href":"https:\/\/zuqhqpfdapzrpwq.lagencedefab.com\/Prepod\/index.php?rest_route=%2Fwp%2Fv2%2Fcategories&post=1347"},{"taxonomy":"post_tag","embeddable":true,"href":"https:\/\/zuqhqpfdapzrpwq.lagencedefab.com\/Prepod\/index.php?rest_route=%2Fwp%2Fv2%2Ftags&post=1347"},{"taxonomy":"post_folder","embeddable":true,"href":"https:\/\/zuqhqpfdapzrpwq.lagencedefab.com\/Prepod\/index.php?rest_route=%2Fwp%2Fv2%2Fpost_folder&post=1347"}],"curies":[{"name":"wp","href":"https:\/\/api.w.org\/{rel}","templated":true}]}}